{"id":257,"date":"2024-11-25T15:24:21","date_gmt":"2024-11-25T15:24:21","guid":{"rendered":"http:\/\/blog.local\/?p=257"},"modified":"2024-11-25T15:24:22","modified_gmt":"2024-11-25T15:24:22","slug":"black-friday-sua-empresa-ja-esta-preparada","status":"publish","type":"post","link":"https:\/\/dbriefing.com.br\/blog\/black-friday-sua-empresa-ja-esta-preparada\/","title":{"rendered":"Black Friday: sua empresa j\u00e1 est\u00e1 preparada?"},"content":{"rendered":"\n<p class=\"p1\">A<a href=\"https:\/\/dbriefing.com.br\/blog\/marketing-na-black-friday\/\"> <b>Black Friday<\/b><\/a> j\u00e1 \u00e9 um dos eventos mais aguardados do ano, tanto pelos consumidores quanto pelas empresas. Em 2024, as expectativas n\u00e3o s\u00e3o diferentes. Esse momento traz grandes oportunidades de crescimento, mas exige planejamento estrat\u00e9gico para que as a\u00e7\u00f5es realmente entreguem resultados. Ser\u00e1 que sua empresa est\u00e1 preparada para aproveitar ao m\u00e1ximo essa data?<\/p>\n\n\n\n<!--more-->\n\n\n\n<h3 class=\"wp-block-heading p3\"><b>Black Friday Brasil 2024: data e expectativas de vendas<\/b><\/h3>\n\n\n\n<p class=\"p2\">Este ano, a <a href=\"https:\/\/dbriefing.com.br\/blog\/marketing-na-black-friday\/\"><b>Black Friday<\/b> <\/a>acontece em 29 de novembro, e as proje\u00e7\u00f5es indicam um crescimento moderado nas vendas, mesmo em um cen\u00e1rio econ\u00f4mico desafiador. Segundo especialistas, os consumidores est\u00e3o mais seletivos e buscando descontos reais, o que significa que a transpar\u00eancia ser\u00e1 um diferencial.<\/p>\n\n\n\n<p class=\"p2\">A data \u00e9 perfeita para aumentar o volume de vendas, liquidar estoques e conquistar novos clientes. No entanto, a competi\u00e7\u00e3o \u00e9 acirrada. Empresas que n\u00e3o se adaptarem ao comportamento do consumidor podem perder espa\u00e7o para concorrentes mais preparados.<\/p>\n\n\n\n<p class=\"p2\">Isso significa que a prepara\u00e7\u00e3o come\u00e7a muito antes da data oficial. \u00c9 fundamental revisar estrat\u00e9gias, planejar estoques e garantir que o atendimento esteja pronto para lidar com o aumento da demanda. O mercado estar\u00e1 aquecido, mas a concorr\u00eancia ser\u00e1 intensa, exigindo planejamento e execu\u00e7\u00e3o impec\u00e1veis.<\/p>\n\n\n\n<h3 class=\"wp-block-heading p3\"><b>Tend\u00eancias de consumo na Black Friday Brasil 2024<\/b><\/h3>\n\n\n\n<p class=\"p2\">Grandes players do mercado, como Amazon, Magazine Luiza e Americanas, j\u00e1 est\u00e3o ajustando suas estrat\u00e9gias para atender \u00e0s expectativas do p\u00fablico. Esses gigantes do varejo investem pesado em tecnologia e personaliza\u00e7\u00e3o para oferecer uma experi\u00eancia de compra diferenciada, seja online ou em lojas f\u00edsicas.<\/p>\n\n\n\n<p class=\"p2\">A Amazon, por exemplo, aposta em frete r\u00e1pido e descontos exclusivos para assinantes Prime. J\u00e1 a Magazine Luiza refor\u00e7a sua presen\u00e7a digital, integrando o app e o site com as lojas f\u00edsicas para uma experi\u00eancia omnichannel completa.<\/p>\n\n\n\n<p class=\"p2\">Al\u00e9m disso, os consumidores est\u00e3o cada vez mais conectados e informados. Muitos come\u00e7am a monitorar os pre\u00e7os semanas antes do evento, utilizando ferramentas e aplicativos que permitem verificar a veracidade dos descontos.<\/p>\n\n\n\n<p class=\"p2\">Produtos de tecnologia, moda e itens para casa continuam no topo da lista de desejos. Empresas menores tamb\u00e9m podem ganhar espa\u00e7o nessa disputa, especialmente se souberem se destacar em nichos espec\u00edficos e oferecer propostas de valor aut\u00eanticas.<\/p>\n\n\n\n<p class=\"p2\">A diversifica\u00e7\u00e3o de canais de venda ser\u00e1 outro diferencial. Empresas que apostarem no omnichannel, integrando experi\u00eancias online e offline, ter\u00e3o mais chances de conquistar a confian\u00e7a do consumidor. Um exemplo disso \u00e9 o Mercado Livre, que alia uma forte presen\u00e7a online com pontos f\u00edsicos estrat\u00e9gicos para retirada de produtos.<\/p>\n\n\n\n<p class=\"p2\">Com todas essas tend\u00eancias em mente, fica claro que o sucesso na <a href=\"https:\/\/dbriefing.com.br\/blog\/marketing-na-black-friday\/\"><b>Black Friday<\/b> <\/a>depender\u00e1 de quem conseguir entender o comportamento do p\u00fablico e oferecer uma experi\u00eancia consistente, independentemente do tamanho do neg\u00f3cio.<\/p>\n\n\n\n<h3 class=\"wp-block-heading p3\"><b>Estrat\u00e9gias de vendas na Black Friday Brasil 2024<\/b><\/h3>\n\n\n\n<p class=\"p2\">Se sua empresa quer se destacar nesta <a href=\"https:\/\/dbriefing.com.br\/blog\/marketing-na-black-friday\/\"><b>Black Friday<\/b>,<\/a> \u00e9 hora de apostar em estrat\u00e9gias que combinam criatividade com dados. Aqui est\u00e3o algumas a\u00e7\u00f5es-chave:<\/p>\n\n\n\n<ul class=\"wp-block-list ul1\">\n<li><b>Planejamento de estoque:<\/b> Analise as vendas de anos anteriores e os produtos que t\u00eam mais potencial. N\u00e3o adianta oferecer descontos incr\u00edveis e ficar sem itens no estoque.<\/li>\n\n\n\n<li><b>Campanhas personalizadas:<\/b> Utilize dados de comportamento para criar promo\u00e7\u00f5es que falem diretamente com seu p\u00fablico. Cupons exclusivos e descontos progressivos s\u00e3o boas op\u00e7\u00f5es.<\/li>\n\n\n\n<li><b>Marketing digital efetivo:<\/b> Invista em an\u00fancios pagos, redes sociais e e-mails bem segmentados para aumentar o alcance das ofertas.<\/li>\n\n\n\n<li><b>Atendimento r\u00e1pido e qualificado:<\/b> O consumidor da <b>Black Friday<\/b> \u00e9 impaciente. Ofere\u00e7a suporte \u00e1gil e solu\u00e7\u00f5es r\u00e1pidas para garantir a convers\u00e3o.<\/li>\n<\/ul>\n\n\n\n<p class=\"p2\">Voc\u00ea sabe qual \u00e9 o segredo para se destacar na maior data do varejo? Estrat\u00e9gias certas, alinhadas ao comportamento do consumidor, s\u00e3o o caminho para o sucesso. <span class=\"s1\"><a href=\"https:\/\/dbriefing.com.br\/blog\/marketing-na-black-friday\/\">Por isso, descubra como alavancar as vendas da sua empresa com um marketing que realmente funciona!<\/a><\/span><\/p>\n\n\n\n<p><\/p>\n","protected":false},"excerpt":{"rendered":"<p>A Black Friday j\u00e1 \u00e9 um dos eventos mais aguardados do ano, tanto pelos consumidores quanto pelas empresas. Em 2024, as expectativas n\u00e3o s\u00e3o diferentes. Esse momento traz grandes oportunidades de crescimento, mas exige planejamento estrat\u00e9gico para que as a\u00e7\u00f5es realmente entreguem resultados. Ser\u00e1 que sua empresa est\u00e1 preparada para aproveitar ao m\u00e1ximo essa data?<\/p>\n","protected":false},"author":2,"featured_media":261,"comment_status":"open","ping_status":"open","sticky":false,"template":"","format":"standard","meta":{"footnotes":""},"categories":[21,22,7,10],"tags":[111,43,32,112,11],"class_list":["post-257","post","type-post","status-publish","format-standard","has-post-thumbnail","hentry","category-branding","category-design-grafico","category-marketing-digital","category-todas","tag-black-friday","tag-dblog","tag-marketing-de-conteudo","tag-sua-empresa-em-destaque","tag-venda-mais"],"yoast_head":"<!-- This site is optimized with the Yoast SEO plugin v27.5 - https:\/\/yoast.com\/product\/yoast-seo-wordpress\/ -->\n<title>Black Friday: sua empresa j\u00e1 est\u00e1 preparada? - dBlog<\/title>\n<meta name=\"description\" content=\"A Black Friday j\u00e1 \u00e9 um dos eventos mais aguardados do ano, tanto pelos consumidores quanto pelas empresas. Em 2024...\" \/>\n<meta name=\"robots\" content=\"index, follow, max-snippet:-1, max-image-preview:large, max-video-preview:-1\" \/>\n<link rel=\"canonical\" href=\"https:\/\/dbriefing.com.br\/blog\/black-friday-sua-empresa-ja-esta-preparada\/\" \/>\n<meta property=\"og:locale\" content=\"pt_BR\" \/>\n<meta property=\"og:type\" content=\"article\" \/>\n<meta property=\"og:title\" content=\"Black Friday: sua empresa j\u00e1 est\u00e1 preparada? - dBlog\" \/>\n<meta property=\"og:description\" content=\"A Black Friday j\u00e1 \u00e9 um dos eventos mais aguardados do ano, tanto pelos consumidores quanto pelas empresas. Em 2024...\" \/>\n<meta property=\"og:url\" content=\"https:\/\/dbriefing.com.br\/blog\/black-friday-sua-empresa-ja-esta-preparada\/\" \/>\n<meta property=\"og:site_name\" content=\"dBriefing Blog - Resultados Criativos\" \/>\n<meta property=\"article:published_time\" content=\"2024-11-25T15:24:21+00:00\" \/>\n<meta property=\"article:modified_time\" content=\"2024-11-25T15:24:22+00:00\" \/>\n<meta property=\"og:image\" content=\"https:\/\/dbriefing.com.br\/blog\/wp-content\/uploads\/2017\/10\/blackfriday-logo-1.png\" \/>\n\t<meta property=\"og:image:width\" content=\"800\" \/>\n\t<meta property=\"og:image:height\" content=\"379\" \/>\n\t<meta property=\"og:image:type\" content=\"image\/png\" \/>\n<meta name=\"author\" content=\"Heitor Augusto\" \/>\n<meta name=\"twitter:card\" content=\"summary_large_image\" \/>\n<meta name=\"twitter:label1\" content=\"Escrito por\" \/>\n\t<meta name=\"twitter:data1\" content=\"Heitor Augusto\" \/>\n\t<meta name=\"twitter:label2\" content=\"Est. tempo de leitura\" \/>\n\t<meta name=\"twitter:data2\" content=\"4 minutos\" \/>\n<script type=\"application\/ld+json\" class=\"yoast-schema-graph\">{\"@context\":\"https:\\\/\\\/schema.org\",\"@graph\":[{\"@type\":\"Article\",\"@id\":\"https:\\\/\\\/dbriefing.com.br\\\/blog\\\/black-friday-sua-empresa-ja-esta-preparada\\\/#article\",\"isPartOf\":{\"@id\":\"https:\\\/\\\/dbriefing.com.br\\\/blog\\\/black-friday-sua-empresa-ja-esta-preparada\\\/\"},\"author\":{\"name\":\"Heitor Augusto\",\"@id\":\"https:\\\/\\\/dbriefing.com.br\\\/blog\\\/#\\\/schema\\\/person\\\/4f2fa154332a37b209725b0f19d7d9fc\"},\"headline\":\"Black Friday: sua empresa j\u00e1 est\u00e1 preparada?\",\"datePublished\":\"2024-11-25T15:24:21+00:00\",\"dateModified\":\"2024-11-25T15:24:22+00:00\",\"mainEntityOfPage\":{\"@id\":\"https:\\\/\\\/dbriefing.com.br\\\/blog\\\/black-friday-sua-empresa-ja-esta-preparada\\\/\"},\"wordCount\":660,\"commentCount\":0,\"publisher\":{\"@id\":\"https:\\\/\\\/dbriefing.com.br\\\/blog\\\/#organization\"},\"image\":{\"@id\":\"https:\\\/\\\/dbriefing.com.br\\\/blog\\\/black-friday-sua-empresa-ja-esta-preparada\\\/#primaryimage\"},\"thumbnailUrl\":\"https:\\\/\\\/dbriefing.com.br\\\/blog\\\/wp-content\\\/uploads\\\/2017\\\/10\\\/blackfriday-logo-1.png\",\"keywords\":[\"Black friday\",\"dBlog\",\"marketing de conte\u00fado\",\"Sua empresa em destaque\",\"venda mais\"],\"articleSection\":[\"Branding\",\"Design Gr\u00e1fico\",\"Marketing digital\",\"Todas\"],\"inLanguage\":\"pt-BR\",\"potentialAction\":[{\"@type\":\"CommentAction\",\"name\":\"Comment\",\"target\":[\"https:\\\/\\\/dbriefing.com.br\\\/blog\\\/black-friday-sua-empresa-ja-esta-preparada\\\/#respond\"]}]},{\"@type\":\"WebPage\",\"@id\":\"https:\\\/\\\/dbriefing.com.br\\\/blog\\\/black-friday-sua-empresa-ja-esta-preparada\\\/\",\"url\":\"https:\\\/\\\/dbriefing.com.br\\\/blog\\\/black-friday-sua-empresa-ja-esta-preparada\\\/\",\"name\":\"Black Friday: sua empresa j\u00e1 est\u00e1 preparada? - dBlog\",\"isPartOf\":{\"@id\":\"https:\\\/\\\/dbriefing.com.br\\\/blog\\\/#website\"},\"primaryImageOfPage\":{\"@id\":\"https:\\\/\\\/dbriefing.com.br\\\/blog\\\/black-friday-sua-empresa-ja-esta-preparada\\\/#primaryimage\"},\"image\":{\"@id\":\"https:\\\/\\\/dbriefing.com.br\\\/blog\\\/black-friday-sua-empresa-ja-esta-preparada\\\/#primaryimage\"},\"thumbnailUrl\":\"https:\\\/\\\/dbriefing.com.br\\\/blog\\\/wp-content\\\/uploads\\\/2017\\\/10\\\/blackfriday-logo-1.png\",\"datePublished\":\"2024-11-25T15:24:21+00:00\",\"dateModified\":\"2024-11-25T15:24:22+00:00\",\"description\":\"A Black Friday j\u00e1 \u00e9 um dos eventos mais aguardados do ano, tanto pelos consumidores quanto pelas empresas. Em 2024...\",\"breadcrumb\":{\"@id\":\"https:\\\/\\\/dbriefing.com.br\\\/blog\\\/black-friday-sua-empresa-ja-esta-preparada\\\/#breadcrumb\"},\"inLanguage\":\"pt-BR\",\"potentialAction\":[{\"@type\":\"ReadAction\",\"target\":[\"https:\\\/\\\/dbriefing.com.br\\\/blog\\\/black-friday-sua-empresa-ja-esta-preparada\\\/\"]}]},{\"@type\":\"ImageObject\",\"inLanguage\":\"pt-BR\",\"@id\":\"https:\\\/\\\/dbriefing.com.br\\\/blog\\\/black-friday-sua-empresa-ja-esta-preparada\\\/#primaryimage\",\"url\":\"https:\\\/\\\/dbriefing.com.br\\\/blog\\\/wp-content\\\/uploads\\\/2017\\\/10\\\/blackfriday-logo-1.png\",\"contentUrl\":\"https:\\\/\\\/dbriefing.com.br\\\/blog\\\/wp-content\\\/uploads\\\/2017\\\/10\\\/blackfriday-logo-1.png\",\"width\":800,\"height\":379,\"caption\":\"Black Friday\"},{\"@type\":\"BreadcrumbList\",\"@id\":\"https:\\\/\\\/dbriefing.com.br\\\/blog\\\/black-friday-sua-empresa-ja-esta-preparada\\\/#breadcrumb\",\"itemListElement\":[{\"@type\":\"ListItem\",\"position\":1,\"name\":\"In\u00edcio\",\"item\":\"https:\\\/\\\/dbriefing.com.br\\\/blog\\\/\"},{\"@type\":\"ListItem\",\"position\":2,\"name\":\"Black Friday: sua empresa j\u00e1 est\u00e1 preparada?\"}]},{\"@type\":\"WebSite\",\"@id\":\"https:\\\/\\\/dbriefing.com.br\\\/blog\\\/#website\",\"url\":\"https:\\\/\\\/dbriefing.com.br\\\/blog\\\/\",\"name\":\"dBriefing Blog - Resultados Criativos\",\"description\":\"Marketing Digital, Design Gr\u00e1fico e Branding.\",\"publisher\":{\"@id\":\"https:\\\/\\\/dbriefing.com.br\\\/blog\\\/#organization\"},\"potentialAction\":[{\"@type\":\"SearchAction\",\"target\":{\"@type\":\"EntryPoint\",\"urlTemplate\":\"https:\\\/\\\/dbriefing.com.br\\\/blog\\\/?s={search_term_string}\"},\"query-input\":{\"@type\":\"PropertyValueSpecification\",\"valueRequired\":true,\"valueName\":\"search_term_string\"}}],\"inLanguage\":\"pt-BR\"},{\"@type\":\"Organization\",\"@id\":\"https:\\\/\\\/dbriefing.com.br\\\/blog\\\/#organization\",\"name\":\"dBriefing Blog - Resultados Criativos\",\"url\":\"https:\\\/\\\/dbriefing.com.br\\\/blog\\\/\",\"logo\":{\"@type\":\"ImageObject\",\"inLanguage\":\"pt-BR\",\"@id\":\"https:\\\/\\\/dbriefing.com.br\\\/blog\\\/#\\\/schema\\\/logo\\\/image\\\/\",\"url\":\"https:\\\/\\\/dbriefing.com.br\\\/blog\\\/wp-content\\\/uploads\\\/2022\\\/04\\\/Group-1318.png\",\"contentUrl\":\"https:\\\/\\\/dbriefing.com.br\\\/blog\\\/wp-content\\\/uploads\\\/2022\\\/04\\\/Group-1318.png\",\"width\":102,\"height\":33,\"caption\":\"dBriefing Blog - Resultados Criativos\"},\"image\":{\"@id\":\"https:\\\/\\\/dbriefing.com.br\\\/blog\\\/#\\\/schema\\\/logo\\\/image\\\/\"}},{\"@type\":\"Person\",\"@id\":\"https:\\\/\\\/dbriefing.com.br\\\/blog\\\/#\\\/schema\\\/person\\\/4f2fa154332a37b209725b0f19d7d9fc\",\"name\":\"Heitor Augusto\",\"image\":{\"@type\":\"ImageObject\",\"inLanguage\":\"pt-BR\",\"@id\":\"https:\\\/\\\/secure.gravatar.com\\\/avatar\\\/0a51403b8228f822ef4e76c673bbb2aef4836ec875f9378bf257365ddc74c9ea?s=96&d=mm&r=g\",\"url\":\"https:\\\/\\\/secure.gravatar.com\\\/avatar\\\/0a51403b8228f822ef4e76c673bbb2aef4836ec875f9378bf257365ddc74c9ea?s=96&d=mm&r=g\",\"contentUrl\":\"https:\\\/\\\/secure.gravatar.com\\\/avatar\\\/0a51403b8228f822ef4e76c673bbb2aef4836ec875f9378bf257365ddc74c9ea?s=96&d=mm&r=g\",\"caption\":\"Heitor Augusto\"},\"url\":\"https:\\\/\\\/dbriefing.com.br\\\/blog\\\/author\\\/heitor\\\/\"}]}<\/script>\n<!-- \/ Yoast SEO plugin. -->","yoast_head_json":{"title":"Black Friday: sua empresa j\u00e1 est\u00e1 preparada? - dBlog","description":"A Black Friday j\u00e1 \u00e9 um dos eventos mais aguardados do ano, tanto pelos consumidores quanto pelas empresas. Em 2024...","robots":{"index":"index","follow":"follow","max-snippet":"max-snippet:-1","max-image-preview":"max-image-preview:large","max-video-preview":"max-video-preview:-1"},"canonical":"https:\/\/dbriefing.com.br\/blog\/black-friday-sua-empresa-ja-esta-preparada\/","og_locale":"pt_BR","og_type":"article","og_title":"Black Friday: sua empresa j\u00e1 est\u00e1 preparada? - dBlog","og_description":"A Black Friday j\u00e1 \u00e9 um dos eventos mais aguardados do ano, tanto pelos consumidores quanto pelas empresas. Em 2024...","og_url":"https:\/\/dbriefing.com.br\/blog\/black-friday-sua-empresa-ja-esta-preparada\/","og_site_name":"dBriefing Blog - Resultados Criativos","article_published_time":"2024-11-25T15:24:21+00:00","article_modified_time":"2024-11-25T15:24:22+00:00","og_image":[{"width":800,"height":379,"url":"https:\/\/dbriefing.com.br\/blog\/wp-content\/uploads\/2017\/10\/blackfriday-logo-1.png","type":"image\/png"}],"author":"Heitor Augusto","twitter_card":"summary_large_image","twitter_misc":{"Escrito por":"Heitor Augusto","Est. tempo de leitura":"4 minutos"},"schema":{"@context":"https:\/\/schema.org","@graph":[{"@type":"Article","@id":"https:\/\/dbriefing.com.br\/blog\/black-friday-sua-empresa-ja-esta-preparada\/#article","isPartOf":{"@id":"https:\/\/dbriefing.com.br\/blog\/black-friday-sua-empresa-ja-esta-preparada\/"},"author":{"name":"Heitor Augusto","@id":"https:\/\/dbriefing.com.br\/blog\/#\/schema\/person\/4f2fa154332a37b209725b0f19d7d9fc"},"headline":"Black Friday: sua empresa j\u00e1 est\u00e1 preparada?","datePublished":"2024-11-25T15:24:21+00:00","dateModified":"2024-11-25T15:24:22+00:00","mainEntityOfPage":{"@id":"https:\/\/dbriefing.com.br\/blog\/black-friday-sua-empresa-ja-esta-preparada\/"},"wordCount":660,"commentCount":0,"publisher":{"@id":"https:\/\/dbriefing.com.br\/blog\/#organization"},"image":{"@id":"https:\/\/dbriefing.com.br\/blog\/black-friday-sua-empresa-ja-esta-preparada\/#primaryimage"},"thumbnailUrl":"https:\/\/dbriefing.com.br\/blog\/wp-content\/uploads\/2017\/10\/blackfriday-logo-1.png","keywords":["Black friday","dBlog","marketing de conte\u00fado","Sua empresa em destaque","venda mais"],"articleSection":["Branding","Design Gr\u00e1fico","Marketing digital","Todas"],"inLanguage":"pt-BR","potentialAction":[{"@type":"CommentAction","name":"Comment","target":["https:\/\/dbriefing.com.br\/blog\/black-friday-sua-empresa-ja-esta-preparada\/#respond"]}]},{"@type":"WebPage","@id":"https:\/\/dbriefing.com.br\/blog\/black-friday-sua-empresa-ja-esta-preparada\/","url":"https:\/\/dbriefing.com.br\/blog\/black-friday-sua-empresa-ja-esta-preparada\/","name":"Black Friday: sua empresa j\u00e1 est\u00e1 preparada? - dBlog","isPartOf":{"@id":"https:\/\/dbriefing.com.br\/blog\/#website"},"primaryImageOfPage":{"@id":"https:\/\/dbriefing.com.br\/blog\/black-friday-sua-empresa-ja-esta-preparada\/#primaryimage"},"image":{"@id":"https:\/\/dbriefing.com.br\/blog\/black-friday-sua-empresa-ja-esta-preparada\/#primaryimage"},"thumbnailUrl":"https:\/\/dbriefing.com.br\/blog\/wp-content\/uploads\/2017\/10\/blackfriday-logo-1.png","datePublished":"2024-11-25T15:24:21+00:00","dateModified":"2024-11-25T15:24:22+00:00","description":"A Black Friday j\u00e1 \u00e9 um dos eventos mais aguardados do ano, tanto pelos consumidores quanto pelas empresas. Em 2024...","breadcrumb":{"@id":"https:\/\/dbriefing.com.br\/blog\/black-friday-sua-empresa-ja-esta-preparada\/#breadcrumb"},"inLanguage":"pt-BR","potentialAction":[{"@type":"ReadAction","target":["https:\/\/dbriefing.com.br\/blog\/black-friday-sua-empresa-ja-esta-preparada\/"]}]},{"@type":"ImageObject","inLanguage":"pt-BR","@id":"https:\/\/dbriefing.com.br\/blog\/black-friday-sua-empresa-ja-esta-preparada\/#primaryimage","url":"https:\/\/dbriefing.com.br\/blog\/wp-content\/uploads\/2017\/10\/blackfriday-logo-1.png","contentUrl":"https:\/\/dbriefing.com.br\/blog\/wp-content\/uploads\/2017\/10\/blackfriday-logo-1.png","width":800,"height":379,"caption":"Black Friday"},{"@type":"BreadcrumbList","@id":"https:\/\/dbriefing.com.br\/blog\/black-friday-sua-empresa-ja-esta-preparada\/#breadcrumb","itemListElement":[{"@type":"ListItem","position":1,"name":"In\u00edcio","item":"https:\/\/dbriefing.com.br\/blog\/"},{"@type":"ListItem","position":2,"name":"Black Friday: sua empresa j\u00e1 est\u00e1 preparada?"}]},{"@type":"WebSite","@id":"https:\/\/dbriefing.com.br\/blog\/#website","url":"https:\/\/dbriefing.com.br\/blog\/","name":"dBriefing Blog - Resultados Criativos","description":"Marketing Digital, Design Gr\u00e1fico e Branding.","publisher":{"@id":"https:\/\/dbriefing.com.br\/blog\/#organization"},"potentialAction":[{"@type":"SearchAction","target":{"@type":"EntryPoint","urlTemplate":"https:\/\/dbriefing.com.br\/blog\/?s={search_term_string}"},"query-input":{"@type":"PropertyValueSpecification","valueRequired":true,"valueName":"search_term_string"}}],"inLanguage":"pt-BR"},{"@type":"Organization","@id":"https:\/\/dbriefing.com.br\/blog\/#organization","name":"dBriefing Blog - Resultados Criativos","url":"https:\/\/dbriefing.com.br\/blog\/","logo":{"@type":"ImageObject","inLanguage":"pt-BR","@id":"https:\/\/dbriefing.com.br\/blog\/#\/schema\/logo\/image\/","url":"https:\/\/dbriefing.com.br\/blog\/wp-content\/uploads\/2022\/04\/Group-1318.png","contentUrl":"https:\/\/dbriefing.com.br\/blog\/wp-content\/uploads\/2022\/04\/Group-1318.png","width":102,"height":33,"caption":"dBriefing Blog - Resultados Criativos"},"image":{"@id":"https:\/\/dbriefing.com.br\/blog\/#\/schema\/logo\/image\/"}},{"@type":"Person","@id":"https:\/\/dbriefing.com.br\/blog\/#\/schema\/person\/4f2fa154332a37b209725b0f19d7d9fc","name":"Heitor Augusto","image":{"@type":"ImageObject","inLanguage":"pt-BR","@id":"https:\/\/secure.gravatar.com\/avatar\/0a51403b8228f822ef4e76c673bbb2aef4836ec875f9378bf257365ddc74c9ea?s=96&d=mm&r=g","url":"https:\/\/secure.gravatar.com\/avatar\/0a51403b8228f822ef4e76c673bbb2aef4836ec875f9378bf257365ddc74c9ea?s=96&d=mm&r=g","contentUrl":"https:\/\/secure.gravatar.com\/avatar\/0a51403b8228f822ef4e76c673bbb2aef4836ec875f9378bf257365ddc74c9ea?s=96&d=mm&r=g","caption":"Heitor Augusto"},"url":"https:\/\/dbriefing.com.br\/blog\/author\/heitor\/"}]}},"_links":{"self":[{"href":"https:\/\/dbriefing.com.br\/blog\/wp-json\/wp\/v2\/posts\/257","targetHints":{"allow":["GET"]}}],"collection":[{"href":"https:\/\/dbriefing.com.br\/blog\/wp-json\/wp\/v2\/posts"}],"about":[{"href":"https:\/\/dbriefing.com.br\/blog\/wp-json\/wp\/v2\/types\/post"}],"author":[{"embeddable":true,"href":"https:\/\/dbriefing.com.br\/blog\/wp-json\/wp\/v2\/users\/2"}],"replies":[{"embeddable":true,"href":"https:\/\/dbriefing.com.br\/blog\/wp-json\/wp\/v2\/comments?post=257"}],"version-history":[{"count":1,"href":"https:\/\/dbriefing.com.br\/blog\/wp-json\/wp\/v2\/posts\/257\/revisions"}],"predecessor-version":[{"id":2836,"href":"https:\/\/dbriefing.com.br\/blog\/wp-json\/wp\/v2\/posts\/257\/revisions\/2836"}],"wp:featuredmedia":[{"embeddable":true,"href":"https:\/\/dbriefing.com.br\/blog\/wp-json\/wp\/v2\/media\/261"}],"wp:attachment":[{"href":"https:\/\/dbriefing.com.br\/blog\/wp-json\/wp\/v2\/media?parent=257"}],"wp:term":[{"taxonomy":"category","embeddable":true,"href":"https:\/\/dbriefing.com.br\/blog\/wp-json\/wp\/v2\/categories?post=257"},{"taxonomy":"post_tag","embeddable":true,"href":"https:\/\/dbriefing.com.br\/blog\/wp-json\/wp\/v2\/tags?post=257"}],"curies":[{"name":"wp","href":"https:\/\/api.w.org\/{rel}","templated":true}]}}